{"id":5210,"date":"2024-12-16T19:41:35","date_gmt":"2024-12-16T19:41:35","guid":{"rendered":"https:\/\/www.cesigue.edu.mx\/guestalt\/?p=5210"},"modified":"2024-12-16T20:01:19","modified_gmt":"2024-12-16T20:01:19","slug":"vacante-practicas-profesionales-servicio-social-en-ventas","status":"publish","type":"post","link":"https:\/\/www.cesigue.edu.mx\/guestalt\/vacante-practicas-profesionales-servicio-social-en-ventas\/","title":{"rendered":"Vacante: Pr\u00e1cticas Profesionales\/Servicio Social en Ventas"},"content":{"rendered":"<h3 style=\"text-align: center;\"><strong>\u00bfTe apasiona el trato personal, las estrategias comerciales y la educaci\u00f3n?<\/strong><\/h3>\n<p><img loading=\"lazy\" decoding=\"async\" class=\"alignright wp-image-5214\" src=\"https:\/\/www.cesigue.edu.mx\/guestalt\/wp-content\/uploads\/2024\/12\/equipo-ventas-2.png\" alt=\"\" width=\"550\" height=\"421\" \/><\/p>\n<p>Aqu\u00ed podr\u00e1s consolidar los conocimientos te\u00f3ricos adquiridos en tu formaci\u00f3n con la pr\u00e1ctica real en un ambiente profesional acompa\u00f1ado de profesionales en la comunicaci\u00f3n comercial que te guiar\u00e1n para adquirir nuevas competencias personales y profesionales necesarias en el \u00e1mbito laboral.<\/p>\n<p><strong>\u00bfQu\u00e9 har\u00e1s?<\/strong><\/p>\n<p style=\"padding-left: 40px;\">\u2022 Identificar y contactar prospectos e instituciones para presentar los programas educativos de CESIGUE y sus beneficios.<br \/>\n\u2022 Gestionar las relaciones publicas a trav\u00e9s de vinculaci\u00f3n con escuelas, instituciones y oficinas entre otros.<br \/>\n\u2022 Brindar atenci\u00f3n personalizada, resolviendo dudas sobre programas, requisitos, inversi\u00f3n y plazos de inscripci\u00f3n.<br \/>\n\u2022 Realizar presentaciones y demostraciones de los programas de manera presencial o virtual.<br \/>\n\u2022 Establecer relaciones s\u00f3lidas con prospectos y realizar un seguimiento proactivo para fomentar su inter\u00e9s.<br \/>\n\u2022 Colaborar con el equipo de comunicaci\u00f3n en estrategias de generaci\u00f3n de leads y participar en eventos educativos y ferias.<br \/>\n\u2022 Mantener registros actualizados de contactos, actividades de ventas e informes.<br \/>\n\u2022 Estar al tanto de las tendencias en educaci\u00f3n y psicoterapia para proporcionar informaci\u00f3n relevante.<br \/>\n\u00bfQu\u00e9 buscamos en ti?<br \/>\n\u2022 Estudiantes de Administraci\u00f3n, Mercadotecnia, Ventas, Comunicaci\u00f3n o \u00e1reas afines.<br \/>\n\u2022 Facilidad para comunicarse de manera clara, persuasiva y emp\u00e1tica.<br \/>\n\u2022 Proactividad, organizaci\u00f3n y ganas de aprender.<br \/>\n\u2022 Inter\u00e9s en el \u00e1mbito educativo y la psicoterapia.<br \/>\n\u2022 Conocimientos b\u00e1sicos en herramientas digitales y de gesti\u00f3n de contactos (CRM, Excel, etc.).<\/p>\n<p style=\"padding-left: 40px;\"><strong>\u00bfQu\u00e9 te ofrecemos?<\/strong><br \/>\nExperiencia pr\u00e1ctica en un \u00e1rea clave para el desarrollo profesional.<br \/>\nParticipaci\u00f3n en proyectos reales con impacto social.<br \/>\nCapacitaci\u00f3n y acompa\u00f1amiento constante.<br \/>\nCertificado de pr\u00e1cticas o servicio social al finalizar.<br \/>\nOportunidad de crecer en un entorno profesional colaborativo.<br \/>\nModalidad: Presencial<br \/>\nHorario: Flexible, de acuerdo a las necesidades de las planeaciones semanales.<br \/>\n\u00a1S\u00e9 parte del equipo CESIGUE y ay\u00fadanos a conectar con m\u00e1s personas transformando vidas a trav\u00e9s de la educaci\u00f3n y la psicoterapia!<\/p>\n<p>&nbsp;<\/p>\n<p style=\"padding-left: 40px;\">Env\u00eda tu CV y carta de motivos a iris@cesigue.mx con el asunto: Pr\u00e1cticas Profesionales Ventas.<\/p>\n<p>&nbsp;<\/p>\n","protected":false},"excerpt":{"rendered":"<p>\u00bfTe apasiona el trato personal, las estrategias comerciales y la educaci\u00f3n? Aqu\u00ed podr\u00e1s consolidar los conocimientos te\u00f3ricos adquiridos en tu formaci\u00f3n con la pr\u00e1ctica real en un ambiente profesional acompa\u00f1ado [&hellip;]<\/p>\n","protected":false},"author":1,"featured_media":0,"comment_status":"closed","ping_status":"closed","sticky":false,"template":"","format":"standard","meta":{"footnotes":""},"categories":[1],"tags":[],"class_list":["post-5210","post","type-post","status-publish","format-standard","hentry","category-sin-categoria"],"aioseo_notices":[],"jetpack_featured_media_url":"","_links":{"self":[{"href":"https:\/\/www.cesigue.edu.mx\/guestalt\/wp-json\/wp\/v2\/posts\/5210","targetHints":{"allow":["GET"]}}],"collection":[{"href":"https:\/\/www.cesigue.edu.mx\/guestalt\/wp-json\/wp\/v2\/posts"}],"about":[{"href":"https:\/\/www.cesigue.edu.mx\/guestalt\/wp-json\/wp\/v2\/types\/post"}],"author":[{"embeddable":true,"href":"https:\/\/www.cesigue.edu.mx\/guestalt\/wp-json\/wp\/v2\/users\/1"}],"replies":[{"embeddable":true,"href":"https:\/\/www.cesigue.edu.mx\/guestalt\/wp-json\/wp\/v2\/comments?post=5210"}],"version-history":[{"count":4,"href":"https:\/\/www.cesigue.edu.mx\/guestalt\/wp-json\/wp\/v2\/posts\/5210\/revisions"}],"predecessor-version":[{"id":5216,"href":"https:\/\/www.cesigue.edu.mx\/guestalt\/wp-json\/wp\/v2\/posts\/5210\/revisions\/5216"}],"wp:attachment":[{"href":"https:\/\/www.cesigue.edu.mx\/guestalt\/wp-json\/wp\/v2\/media?parent=5210"}],"wp:term":[{"taxonomy":"category","embeddable":true,"href":"https:\/\/www.cesigue.edu.mx\/guestalt\/wp-json\/wp\/v2\/categories?post=5210"},{"taxonomy":"post_tag","embeddable":true,"href":"https:\/\/www.cesigue.edu.mx\/guestalt\/wp-json\/wp\/v2\/tags?post=5210"}],"curies":[{"name":"wp","href":"https:\/\/api.w.org\/{rel}","templated":true}]}}