{"id":4714,"date":"2024-07-08T16:59:39","date_gmt":"2024-07-08T16:59:39","guid":{"rendered":"https:\/\/www.cesigue.edu.mx\/guestalt\/?p=4714"},"modified":"2024-07-08T17:58:52","modified_gmt":"2024-07-08T17:58:52","slug":"celebracion-del-dia-del-psicoterapeuta-gestalt-una-tarde-de-conexion-y-celebracion","status":"publish","type":"post","link":"https:\/\/www.cesigue.edu.mx\/guestalt\/celebracion-del-dia-del-psicoterapeuta-gestalt-una-tarde-de-conexion-y-celebracion\/","title":{"rendered":"Celebraci\u00f3n del D\u00eda del Psicoterapeuta Gestalt: Una tarde de conexi\u00f3n y celebraci\u00f3n"},"content":{"rendered":"<p style=\"font-weight: 400;\"><img loading=\"lazy\" decoding=\"async\" class=\"alignleft wp-image-4717\" src=\"https:\/\/www.cesigue.edu.mx\/guestalt\/wp-content\/uploads\/2024\/07\/Foto-3.jpeg\" alt=\"\" width=\"420\" height=\"315\" \/>En una tarde llena de amistad y reconocimiento, nuestros psicoterapeutas gestalt y psicoterapeutas infantiles se reunieron para celebrar el <strong>D\u00eda del Psicoterapeuta Gestalt 2024<\/strong>. El evento, organizado por la <strong>comunidad de CESIGUE-YOLOMA<\/strong>, fue una excelente oportunidad para honrar el trabajo y dedicaci\u00f3n de estos profesionales que d\u00eda a d\u00eda transforman vidas a trav\u00e9s de la psicoterapia Gestalt.<\/p>\n<p><img loading=\"lazy\" decoding=\"async\" class=\"alignright wp-image-4716\" src=\"https:\/\/www.cesigue.edu.mx\/guestalt\/wp-content\/uploads\/2024\/07\/Foto-2.jpeg\" alt=\"\" width=\"267\" height=\"356\" \/><\/p>\n<p style=\"font-weight: 400;\">La celebraci\u00f3n comenz\u00f3 con un c\u00e1lido recibimiento por parte de nuestro <strong>Director el Mtro. Gustavo Bello<\/strong> y nuestros fundadores la <strong>Dra. Guadalupe Amescua<\/strong> y el <strong>Dr. Alberto Allen<\/strong>, quienes expresaron su agradecimiento a todos los psicoterapeutas por su incansable labor. Los asistentes pudieron disfrutar de una rica cena, especialmente preparada para la ocasi\u00f3n, que no solo deleit\u00f3 los paladares, sino que tambi\u00e9n cre\u00f3 un ambiente propicio para la conversaci\u00f3n y el intercambio de experiencias.<\/p>\n<p style=\"font-weight: 400;\"><img loading=\"lazy\" decoding=\"async\" class=\"wp-image-4718 alignleft\" src=\"https:\/\/www.cesigue.edu.mx\/guestalt\/wp-content\/uploads\/2024\/07\/Foto-4.jpeg\" alt=\"\" width=\"277\" height=\"369\" \/><\/p>\n<p style=\"font-weight: 400;\">Adem\u00e1s de la cena, la tarde estuvo amenizada con diversas din\u00e1micas divertidas que fomentaron la interacci\u00f3n y el fortalecimiento de la comunidad de psicoterapeutas. Juegos de equipo, actividades de integraci\u00f3n y momentos de reflexi\u00f3n permitieron a los participantes no solo divertirse, sin<\/p>\n<p style=\"font-weight: 400;\">o tambi\u00e9n reforzar los lazos profesionales y personales.<\/p>\n<p><img loading=\"lazy\" decoding=\"async\" class=\"wp-image-4715 alignright\" src=\"https:\/\/www.cesigue.edu.mx\/guestalt\/wp-content\/uploads\/2024\/07\/Foto-1.jpeg\" alt=\"\" width=\"379\" height=\"284\" \/><\/p>\n<p style=\"font-weight: 400;\">Durante el evento, se destac\u00f3 la importancia de la psicoterapia Gestalt y su impacto en la salud mental de las personas. Nuestros directivos recordaron a todos los presentes la valiosa contribuci\u00f3n que realizan, ayudando a sus pacientes a encontrar el equilibrio emocional y a enfrentar los desaf\u00edos de la vida con mayor resiliencia.<\/p>\n<p>&nbsp;<\/p>\n<p style=\"font-weight: 400;\">La tarde concluy\u00f3 con una emotiva partida de pastel, reconociendo el \u00e9xito y crecimiento de todos los psicoterapeutas con el compromiso de seguir promoviendo <strong>la salud mental y el bienestar a trav\u00e9s de la terapia Gestalt<\/strong>.<\/p>\n<p>&nbsp;<\/p>\n<h3 style=\"font-weight: 400; text-align: center;\"><strong>\u00a1Feliz D\u00eda del Psicoterapeuta Gestalt a todos nuestros queridos terapeutas!<\/strong><\/h3>\n","protected":false},"excerpt":{"rendered":"<p>En una tarde llena de amistad y reconocimiento, nuestros psicoterapeutas gestalt y psicoterapeutas infantiles se reunieron para celebrar el D\u00eda del Psicoterapeuta Gestalt 2024. El evento, organizado por la comunidad [&hellip;]<\/p>\n","protected":false},"author":1,"featured_media":0,"comment_status":"closed","ping_status":"closed","sticky":false,"template":"","format":"standard","meta":{"footnotes":""},"categories":[61],"tags":[],"class_list":["post-4714","post","type-post","status-publish","format-standard","hentry","category-eventos"],"aioseo_notices":[],"jetpack_featured_media_url":"","_links":{"self":[{"href":"https:\/\/www.cesigue.edu.mx\/guestalt\/wp-json\/wp\/v2\/posts\/4714","targetHints":{"allow":["GET"]}}],"collection":[{"href":"https:\/\/www.cesigue.edu.mx\/guestalt\/wp-json\/wp\/v2\/posts"}],"about":[{"href":"https:\/\/www.cesigue.edu.mx\/guestalt\/wp-json\/wp\/v2\/types\/post"}],"author":[{"embeddable":true,"href":"https:\/\/www.cesigue.edu.mx\/guestalt\/wp-json\/wp\/v2\/users\/1"}],"replies":[{"embeddable":true,"href":"https:\/\/www.cesigue.edu.mx\/guestalt\/wp-json\/wp\/v2\/comments?post=4714"}],"version-history":[{"count":9,"href":"https:\/\/www.cesigue.edu.mx\/guestalt\/wp-json\/wp\/v2\/posts\/4714\/revisions"}],"predecessor-version":[{"id":4730,"href":"https:\/\/www.cesigue.edu.mx\/guestalt\/wp-json\/wp\/v2\/posts\/4714\/revisions\/4730"}],"wp:attachment":[{"href":"https:\/\/www.cesigue.edu.mx\/guestalt\/wp-json\/wp\/v2\/media?parent=4714"}],"wp:term":[{"taxonomy":"category","embeddable":true,"href":"https:\/\/www.cesigue.edu.mx\/guestalt\/wp-json\/wp\/v2\/categories?post=4714"},{"taxonomy":"post_tag","embeddable":true,"href":"https:\/\/www.cesigue.edu.mx\/guestalt\/wp-json\/wp\/v2\/tags?post=4714"}],"curies":[{"name":"wp","href":"https:\/\/api.w.org\/{rel}","templated":true}]}}